{"id":3665,"date":"2020-10-22T08:16:12","date_gmt":"2020-10-22T07:16:12","guid":{"rendered":"https:\/\/www.adentity.es\/?p=3665"},"modified":"2022-04-12T11:47:51","modified_gmt":"2022-04-12T10:47:51","slug":"google-my-business-pour-le-black-friday-2019","status":"publish","type":"post","link":"https:\/\/adentity.es\/fr\/google-my-business-pour-le-black-friday-2019\/","title":{"rendered":"Google My Business pour le Black Friday 2019"},"content":{"rendered":"<p><img decoding=\"async\" class=\"destacada\" src=\"https:\/\/adentity.es\/wp-content\/uploads\/2022\/04\/blog.jpg\" alt=\"Google My Business para el Black Friday 2019\" \/><\/p>\n<p>Nous sommes d\u00e9j\u00e0 \u00e0 la mi-novembre et nous nous rapprochons de plus en plus des nombreuses offres et promotions qui accompagnent les f\u00eates de fin d\u2019ann\u00e9e : <strong>Black Friday, No\u00ebl et les Soldes<\/strong>.<\/p>\n<p>&nbsp;<\/p>\n<p>Premier de la liste, le c\u00e9l\u00e8bre <a href=\"https:\/\/es.wikipedia.org\/wiki\/Viernes_negro_(compras)\" target=\"_blank\" rel=\"noopener\">Black Friday<\/a> sera le premier \u00e0 arriver. Et, que cela nous plaise ou non, nous devons commencer \u00e0 nous pr\u00e9parer le plus t\u00f4t possible pour cette journ\u00e9e. Cela devient vraiment s\u00e9rieux quand on conna\u00eet les chiffres relatifs aux achats estim\u00e9s pour cette p\u00e9riode : jusqu\u2019\u00e0 <strong>1600 milliards d\u2019euros de ventes<\/strong> rien qu\u2019en Espagne pour le <strong>Black Friday <\/strong><strong>en 2019<\/strong>.<\/p>\n<p>&nbsp;<\/p>\n<p>En outre, <strong>53 % des consommateurs espagnols<\/strong> effectuent des recherches en ligne avant de faire leurs achats. Et nous passons souvent une grande partie de notre temps en ligne, \u00e0 visiter diff\u00e9rentes pages web quand nous voulons trouver la meilleure offre possible.<\/p>\n<p>&nbsp;<\/p>\n<h3><strong>Tendances de recherche sur Google pour le Black Friday 2019<\/strong><\/h3>\n<p>\u00c0 partir des prochains jours, nous verrons les tendances de recherche de termes de produits et cat\u00e9gories de ceux-ci suivi par \u00ab\u00a0Black Friday\u00a0\u00bb. La plupart de ces recherches sont effectu\u00e9es \u00e0 partir d\u2019appareils mobiles. Et <strong>70 %<\/strong> d\u2019entre elles commencent \u00e0 avoir lieu <strong>jusqu\u2019\u00e0 15 jours avant<\/strong> la date officielle du Black Friday, qui aura lieu cette ann\u00e9e le <strong>29 novembre<\/strong> :<\/p>\n<p>&nbsp;<\/p>\n<h3><strong>Black Friday 2019 pour les entreprises locales<\/strong><\/h3>\n<p>Si nous prenons en compte le comportement des utilisateurs, vis-\u00e0-vis des <strong>entreprises locales<\/strong> pendant ces f\u00eates, nous devons \u00eatre vigilants. Et c\u2019est que le Black Friday (et No\u00ebl et les soldes) ne cesse d\u2019\u00eatre une <strong>excellente occasion<\/strong> d\u2019augmenter nos ventes, d\u2019atteindre de nouveaux clients et de fid\u00e9liser ceux qui nous ont rendu visite auparavant.<\/p>\n<p>&nbsp;<\/p>\n<p>Dans les donn\u00e9es de Google : <strong>76 % des acheteurs<\/strong> effectuant une recherche locale se rendent dans le magasin en moins d\u2019une journ\u00e9e. Il y a <strong>200 % de croissance<\/strong> dans les recherches qui contiennent \u00ab\u00a0pr\u00e8s de moi\u00a0\u00bb au cours des deux derni\u00e8res ann\u00e9es. <strong>82 %t des achats<\/strong> effectu\u00e9s pendant les vacances de No\u00ebl se font dans des magasins.<\/p>\n<p>&nbsp;<\/p>\n<p>En outre, nous ne pouvons pas ignorer qu\u2019il y ait une augmentation de <strong>30 % dans les recherches mobiles<\/strong> sur les id\u00e9es des cadeaux comme \u00ab\u00a0id\u00e9es des cadeaux\u2026\u00a0\u00bb et que les recherches mobiles sur les descriptions de produits ont <strong>augment\u00e9 de 40 %<\/strong>.<\/p>\n<p>Ce sont normalement des chiffres \u00e0 garder \u00e0 l\u2019esprit pour ne pas manquer la grande opportunit\u00e9 que cet \u00e9v\u00e9nement international repr\u00e9sente pour des entreprise locales.<\/p>\n<p>&nbsp;<\/p>\n<h3><strong>Le Black Friday en Espagne : ce qu\u2019il faut savoir<\/strong><\/h3>\n<p>Ces donn\u00e9es et bien d\u2019autres peuvent \u00eatre consult\u00e9es dans une excellente infographie partag\u00e9e sur le <strong>blog de Google<\/strong>,<a href=\"https:\/\/www.thinkwithgoogle.com\/intl\/es-es\/insights\/black-friday-navidad-y-rebajas-una-%C3%A9poca-del-a%C3%B1o-llena-de-oportunidades-para-el-sector-retail\/\" target=\"_blank\" rel=\"noopener\"><strong> Think With Google<\/strong><\/a> et que nous vous encourageons \u00e0 visiter et \u00e0 lire dans son int\u00e9gralit\u00e9, car elle offre de nombreuses pistes sur l\u2019impact de ces trois dates \u00ab\u00a0si marquantes\u00a0\u00bb sur le march\u00e9 espagnol et sur le comportement des consommateurs sur l\u2019internet.<\/p>\n<p>&nbsp;<\/p>\n<p>En plus du blog de Google, nous partageons \u00e9galement le lien vers un guide r\u00e9cemment publi\u00e9 par <a href=\"https:\/\/www.xataka.com\/black-friday\" target=\"_blank\" rel=\"noopener\"><strong>Xataka.com<\/strong><\/a>, dans lequel nous donnons toutes <strong>les pistes et les secrets \u00e0 garder \u00e0 l\u2019esprit pour ce Black Friday 2019.<\/strong> Bien qu\u2019elle soit peut-\u00eatre plus centr\u00e9e sur le consommateur final, elle fournit \u00e9galement des informations pertinentes aux entrepreneurs et aux experts en marketing digital.<\/p>\n<p>&nbsp;<\/p>\n<h3><strong>Produits et offres sur Google My Business<\/strong><\/h3>\n<p>Pour en revenir \u00e0 l\u2019infographie publi\u00e9e par <strong>Think With Google<\/strong>, celle-ci se concentre un peu plus sur la fa\u00e7on de profiter des campagnes Adwords, Shopping, etc. Mais comme vous le savez tous, pour <a href=\"http:\/\/www.adentity.es\/\">Adentity<\/a>, la vraie priorit\u00e9 est <strong>Google My Business<\/strong>. C\u2019est pourquoi nous vous conseillons de tirer le meilleur parti de vos fiches d\u2019entreprise pendant cette \u00e9poque, en faisant des <strong>publications d\u2019\u00e9v\u00e9nements<\/strong>, surtout si vous avez une p\u00e9riode d\u2019offres qui couvrent plus de jours que le vendredi 29 novembre lui-m\u00eame. Il sera \u00e9galement n\u00e9cessaire de <strong>publier d\u2019offres et des produits<\/strong>, afin de promouvoir des produits (redondants) de mani\u00e8re plus visible.<\/p>\n<p>&nbsp;<\/p>\n<p>En outre, mettre \u00e0 jour des photos, l\u2019adresse et le t\u00e9l\u00e9phone corrects, ainsi qu\u2019un certain nombre de <a href=\"https:\/\/www.adentity.es\/4-datos-sobre-las-resenas-de-google-my-business\/\">commentaires de qualit\u00e9<\/a> d\u00e9cente, aidera \u00e0 rendre<strong> notre fiche d\u2019entreprise plus attrayante.<\/strong> De cette fa\u00e7on, les consommateurs d\u2019offres pendant le Black Friday (et No\u00ebl et les Soldes) visiteront notre <strong>vitrine virtuelle<\/strong>, sur Google My Business, ainsi que notre <strong>vitrine physique<\/strong>, \u00e0 l\u2019adresse de notre boutique.<\/p>\n","protected":false},"excerpt":{"rendered":"<p>Nous sommes d\u00e9j\u00e0 \u00e0 la mi-novembre et nous nous rapprochons de plus en plus des nombreuses offres et promotions qui [&hellip;]<\/p>\n","protected":false},"author":2,"featured_media":0,"comment_status":"open","ping_status":"open","sticky":false,"template":"","format":"standard","meta":{"content-type":"","footnotes":""},"categories":[39,3,22,24],"tags":[],"class_list":["post-3665","post","type-post","status-publish","format-standard","hentry","category-noticias-google-my-business-fr","category-novedades-y-curiosidades-fr","category-optimizacion-google-my-business-fr","category-seo-local-fr"],"acf":[],"_links":{"self":[{"href":"https:\/\/adentity.es\/fr\/wp-json\/wp\/v2\/posts\/3665","targetHints":{"allow":["GET"]}}],"collection":[{"href":"https:\/\/adentity.es\/fr\/wp-json\/wp\/v2\/posts"}],"about":[{"href":"https:\/\/adentity.es\/fr\/wp-json\/wp\/v2\/types\/post"}],"author":[{"embeddable":true,"href":"https:\/\/adentity.es\/fr\/wp-json\/wp\/v2\/users\/2"}],"replies":[{"embeddable":true,"href":"https:\/\/adentity.es\/fr\/wp-json\/wp\/v2\/comments?post=3665"}],"version-history":[{"count":1,"href":"https:\/\/adentity.es\/fr\/wp-json\/wp\/v2\/posts\/3665\/revisions"}],"predecessor-version":[{"id":8037,"href":"https:\/\/adentity.es\/fr\/wp-json\/wp\/v2\/posts\/3665\/revisions\/8037"}],"wp:attachment":[{"href":"https:\/\/adentity.es\/fr\/wp-json\/wp\/v2\/media?parent=3665"}],"wp:term":[{"taxonomy":"category","embeddable":true,"href":"https:\/\/adentity.es\/fr\/wp-json\/wp\/v2\/categories?post=3665"},{"taxonomy":"post_tag","embeddable":true,"href":"https:\/\/adentity.es\/fr\/wp-json\/wp\/v2\/tags?post=3665"}],"curies":[{"name":"wp","href":"https:\/\/api.w.org\/{rel}","templated":true}]}}